{"id":8566,"date":"2020-04-14T00:00:00","date_gmt":"2020-04-14T00:00:00","guid":{"rendered":"https:\/\/tasgroup.test\/insight\/news\/tas-group-raddoppia-la-donazione-per-la-ricerca-contro-il-coronavirus\/"},"modified":"2022-09-20T10:18:18","modified_gmt":"2022-09-20T10:18:18","slug":"tas-group-raddoppia-la-donazione-per-la-ricerca-contro-il-coronavirus","status":"publish","type":"post","link":"https:\/\/www.tasgroup.eu\/it\/insight\/news\/tas-group-raddoppia-la-donazione-per-la-ricerca-contro-il-coronavirus\/","title":{"rendered":"TAS Group raddoppia la donazione per la ricerca contro il Coronavirus"},"content":{"rendered":"<p style=\"text-align: left\" align=\"center\"><strong><em>I dipendenti donano ore di lavoro che l\u2019azienda trasforma in donazione raddoppiata a favore della Fondazione IRCCS Policlinico \u201cSan Matteo\u201d di Pavia e dell\u2019Istituto Nazionale Malattie Infettive \u201cLazzaro Spallanzani\u201d di Roma. La Fondazione CARIPLO a sua volta raddoppia lo stanziamento al San Matteo.<\/em><\/strong><\/p>\n<p><strong>Milano, 14 aprile 2020 <\/strong>\u2013 In questo periodo di grande tensione e preoccupazione per la salute di tutti i cittadini, anche TAS Group porta a compimento un\u2019<strong>iniziativa di beneficenza a favore della lotta al COVID 19<\/strong> che sta mettendo a dura prova la nostra comunit\u00e0.<\/p>\n<p style=\"text-align: left\" align=\"center\">La societ\u00e0 ha deciso di contribuire alla <strong>ricerca sul nuovo coronavirus<\/strong>, in particolare in favore di due poli di eccellenza che in Italia stanno conducendo studi tra i pi\u00f9 avanzati: la Fondazione IRCCS Policlinico <strong>\u201c<em>San Matteo\u201d <\/em>di Pavia<\/strong> e l\u2019Istituto Nazionale Malattie Infettive \u201c<strong>Lazzaro Spallanzani\u201d di Roma<\/strong>.<\/p>\n<p style=\"text-align: left\" align=\"center\">Nell\u2019iniziativa sono stati coinvolti i <strong>dipendenti di TAS Group<\/strong> che hanno scelto di devolvere alla causa <strong>ore della propria retribuzione<\/strong> lorda o un ammontare di ore di <strong>ferie o permessi<\/strong>.<\/p>\n<p style=\"text-align: left\" align=\"center\">Per incentivare la donazione dei propri dipendenti la societ\u00e0 si \u00e8 impegnata a <strong>raddoppiare l\u2019importo raggiunto dalla raccolta<\/strong>, ed ha coinvolto nell\u2019iniziativa anche la <strong>Fondazione Cariplo<\/strong>, a sua volta impegnatasi ad un ulteriore raddoppio della quota donata al San Matteo di Pavia, finalizzata all\u2019acquisto dell\u2019attrezzatura scientifica (sequenziatori, congelatori, termociclatori, elaboratori e schermi, ecc.) necessaria ad uno specifico progetto di ricerca Covid19 condotto dall\u2019Unit\u00e0 di Malattie Infettive dell\u2019Ospedale di Pavia, fin dall\u2019inizio quotidianamente impegnata nella cura di centinaia di contagiati dal virus.<\/p>\n<p style=\"text-align: left\" align=\"center\">Un ulteriore contributo \u00e8 stato destinato all\u2019Istituto Spallanzani di Roma per finanziare un\u2019iniziativa analoga.<\/p>\n<p style=\"text-align: left\" align=\"center\">\u00a0\u201c<em>Crediamo che in questa fase di difficolt\u00e0 nazionale, che mette in pericolo sia la salute che l\u2019economia del Paese, sia doveroso che tutti coloro che ne hanno la possibilit\u00e0, come individui ma soprattutto come imprese, diano il loro contributo per la risoluzione della crisi. Tra tutte le iniziative meritevoli di aiuto, <strong>abbiamo scelto di sostenere quella che sentiamo pi\u00f9 affine al nostro spirito aziendale, ossia la ricerca di soluzioni che consentano di affrontare e gestire anche situazioni critiche in rapido mutamento<\/strong>. E\u2019 quello che facciamo ogni giorno per i sistemi di pagamento, oggi lo vogliamo fare per una causa pi\u00f9 grande.<\/em>\u201d Dichiara <strong>Valentino Bravi, AD di TAS Group<\/strong>. \u201c<em>Abbiamo proposto l\u2019iniziativa ai nostri dipendenti ed \u00e8 stata subito accolta con una calorosa adesione. Questo ci fa sentire ancora pi\u00f9 uniti come gruppo e partecipi dello sforzo comune per uscire al pi\u00f9 presto da questa fase di emergenza<\/em>.\u201d<\/p>\n<p style=\"text-align: left\" align=\"center\">\u00a0<em style=\"text-align: center\">\u00a0<\/em><\/p>\n<p><strong><a href=\"\/app\/uploads\/2022\/09\/cs-covid19-14042020.pdf\" target=\"_blank\" rel=\"noopener\">Scarica il comunicato stampa<\/a><\/strong><\/p>\n<p><strong><a href=\"https:\/\/www.facebook.com\/LombardiaNotizieOnline\/videos\/327507994878987\/\" target=\"_blank\" rel=\"noopener\">Guarda un video di approfondimento sull&#8217;attivit\u00e0 di ricerca del San Matteo<\/a><\/strong><\/p>\n<p><strong><a href=\"https:\/\/laprovinciapavese.gelocal.it\/pavia\/cronaca\/2020\/07\/02\/news\/plasma-iperimmune-il-progetto-di-pavia-approvato-dalla-commissione-europea-1.39035088?ref=fbfpp&amp;fbclid=IwAR1CFwJoZZ0-REJxG3XM2byTXdiMUDqIRStFR_mQYgBUIVd7L6Dlh0UlRtA\" target=\"_blank\" rel=\"noopener\">Leggi l&#8217;articolo: &#8220;Plasma iperimmune, il progetto di Pavia approvato dalla Commissione europea&#8221;<\/a><\/strong><\/p>\n<p><strong><a href=\"\/app\/uploads\/2022\/09\/ringraziamenti_spallanzani.pdf\">Leggi i ringraziamenti dell&#8217; Ospedale Lazzaro Spallanzani<\/a><\/strong><\/p>\n<p class=\"MsoNormal\" style=\"margin-bottom: 12.0pt;text-align: center\" align=\"center\"><em>\u00a0<\/em><\/p>\n","protected":false},"excerpt":{"rendered":"<p>I dipendenti donano ore di lavoro che l\u2019azienda trasforma in donazione raddoppiata a favore della Fondazione IRCCS Policlinico \u201cSan Matteo\u201d di Pavia e dell\u2019Istituto Nazionale Malattie Infettive \u201cLazzaro Spallanzani\u201d di Roma. La Fondazione CARIPLO a sua volta raddoppia lo stanziamento al San Matteo. Milano, 14 aprile 2020 \u2013 In questo periodo di grande tensione e &hellip; <a href=\"https:\/\/www.tasgroup.eu\/it\/insight\/news\/tas-group-raddoppia-la-donazione-per-la-ricerca-contro-il-coronavirus\/\">Continued<\/a><\/p>\n","protected":false},"author":2,"featured_media":7781,"comment_status":"closed","ping_status":"closed","sticky":false,"template":"","format":"standard","meta":{"_acf_changed":false,"content-type":"","footnotes":""},"categories":[18],"tags":[20,42],"class_list":["post-8566","post","type-post","status-publish","format-standard","has-post-thumbnail","hentry","category-news","tag-comunicato-stampa","tag-tas"],"acf":[],"_links":{"self":[{"href":"https:\/\/www.tasgroup.eu\/it\/wp-json\/wp\/v2\/posts\/8566"}],"collection":[{"href":"https:\/\/www.tasgroup.eu\/it\/wp-json\/wp\/v2\/posts"}],"about":[{"href":"https:\/\/www.tasgroup.eu\/it\/wp-json\/wp\/v2\/types\/post"}],"author":[{"embeddable":true,"href":"https:\/\/www.tasgroup.eu\/it\/wp-json\/wp\/v2\/users\/2"}],"replies":[{"embeddable":true,"href":"https:\/\/www.tasgroup.eu\/it\/wp-json\/wp\/v2\/comments?post=8566"}],"version-history":[{"count":2,"href":"https:\/\/www.tasgroup.eu\/it\/wp-json\/wp\/v2\/posts\/8566\/revisions"}],"predecessor-version":[{"id":9383,"href":"https:\/\/www.tasgroup.eu\/it\/wp-json\/wp\/v2\/posts\/8566\/revisions\/9383"}],"wp:featuredmedia":[{"embeddable":true,"href":"https:\/\/www.tasgroup.eu\/it\/wp-json\/wp\/v2\/media\/7781"}],"wp:attachment":[{"href":"https:\/\/www.tasgroup.eu\/it\/wp-json\/wp\/v2\/media?parent=8566"}],"wp:term":[{"taxonomy":"category","embeddable":true,"href":"https:\/\/www.tasgroup.eu\/it\/wp-json\/wp\/v2\/categories?post=8566"},{"taxonomy":"post_tag","embeddable":true,"href":"https:\/\/www.tasgroup.eu\/it\/wp-json\/wp\/v2\/tags?post=8566"}],"curies":[{"name":"wp","href":"https:\/\/api.w.org\/{rel}","templated":true}]}}